{"id":3,"name":"P\u00e9rez Ulloa","url":"","description":"","link":"https:\/\/opticaperezulloa.com\/?author=3","slug":"optica-perez-ulloa","avatar_urls":{"24":"https:\/\/secure.gravatar.com\/avatar\/15af8bdd67203289f5203afc9b74efcb5366ccf890c2fc20f968e364066c60fb?s=24&d=mm&r=g","48":"https:\/\/secure.gravatar.com\/avatar\/15af8bdd67203289f5203afc9b74efcb5366ccf890c2fc20f968e364066c60fb?s=48&d=mm&r=g","96":"https:\/\/secure.gravatar.com\/avatar\/15af8bdd67203289f5203afc9b74efcb5366ccf890c2fc20f968e364066c60fb?s=96&d=mm&r=g"},"meta":[],"yoast_head":"<!-- This site is optimized with the Yoast SEO plugin v26.7 - https:\/\/yoast.com\/wordpress\/plugins\/seo\/ -->\n<title>P\u00e9rez Ulloa, autor en \u00d3ptica P\u00e9rez Ulloa<\/title>\n<meta name=\"robots\" content=\"index, follow, max-snippet:-1, max-image-preview:large, max-video-preview:-1\" \/>\n<link rel=\"canonical\" href=\"https:\/\/opticaperezulloa.com\/?author=3\" \/>\n<meta property=\"og:locale\" content=\"es_ES\" \/>\n<meta property=\"og:type\" content=\"profile\" \/>\n<meta property=\"og:title\" content=\"P\u00e9rez Ulloa, autor en \u00d3ptica P\u00e9rez Ulloa\" \/>\n<meta property=\"og:url\" content=\"https:\/\/opticaperezulloa.com\/?author=3\" \/>\n<meta property=\"og:site_name\" content=\"\u00d3ptica P\u00e9rez Ulloa\" \/>\n<meta property=\"og:image\" content=\"https:\/\/secure.gravatar.com\/avatar\/15af8bdd67203289f5203afc9b74efcb5366ccf890c2fc20f968e364066c60fb?s=500&d=mm&r=g\" \/>\n<meta name=\"twitter:card\" content=\"summary_large_image\" \/>\n<script type=\"application\/ld+json\" class=\"yoast-schema-graph\">{\"@context\":\"https:\/\/schema.org\",\"@graph\":[{\"@type\":\"ProfilePage\",\"@id\":\"https:\/\/opticaperezulloa.com\/?author=3\",\"url\":\"https:\/\/opticaperezulloa.com\/?author=3\",\"name\":\"P\u00e9rez Ulloa, autor en \u00d3ptica P\u00e9rez Ulloa\",\"isPartOf\":{\"@id\":\"https:\/\/opticaperezulloa.com\/#website\"},\"breadcrumb\":{\"@id\":\"https:\/\/opticaperezulloa.com\/?author=3#breadcrumb\"},\"inLanguage\":\"es\",\"potentialAction\":[{\"@type\":\"ReadAction\",\"target\":[\"https:\/\/opticaperezulloa.com\/?author=3\"]}]},{\"@type\":\"BreadcrumbList\",\"@id\":\"https:\/\/opticaperezulloa.com\/?author=3#breadcrumb\",\"itemListElement\":[{\"@type\":\"ListItem\",\"position\":1,\"name\":\"Portada\",\"item\":\"https:\/\/opticaperezulloa.com\/\"},{\"@type\":\"ListItem\",\"position\":2,\"name\":\"Archivo de P\u00e9rez Ulloa\"}]},{\"@type\":\"WebSite\",\"@id\":\"https:\/\/opticaperezulloa.com\/#website\",\"url\":\"https:\/\/opticaperezulloa.com\/\",\"name\":\"\u00d3ptica P\u00e9rez Ulloa\",\"description\":\"\u00d3ptica y Aud\u00edfonos en Carabanchel | P\u00e9rez Ulloa | 915 250 060\",\"potentialAction\":[{\"@type\":\"SearchAction\",\"target\":{\"@type\":\"EntryPoint\",\"urlTemplate\":\"https:\/\/opticaperezulloa.com\/?s={search_term_string}\"},\"query-input\":{\"@type\":\"PropertyValueSpecification\",\"valueRequired\":true,\"valueName\":\"search_term_string\"}}],\"inLanguage\":\"es\"},{\"@type\":\"Person\",\"@id\":\"https:\/\/opticaperezulloa.com\/#\/schema\/person\/c52eeed857d525cb7acc5b59446651fb\",\"name\":\"P\u00e9rez Ulloa\",\"image\":{\"@type\":\"ImageObject\",\"inLanguage\":\"es\",\"@id\":\"https:\/\/opticaperezulloa.com\/#\/schema\/person\/image\/\",\"url\":\"https:\/\/secure.gravatar.com\/avatar\/15af8bdd67203289f5203afc9b74efcb5366ccf890c2fc20f968e364066c60fb?s=96&d=mm&r=g\",\"contentUrl\":\"https:\/\/secure.gravatar.com\/avatar\/15af8bdd67203289f5203afc9b74efcb5366ccf890c2fc20f968e364066c60fb?s=96&d=mm&r=g\",\"caption\":\"P\u00e9rez Ulloa\"},\"mainEntityOfPage\":{\"@id\":\"https:\/\/opticaperezulloa.com\/?author=3\"}}]}<\/script>\n<!-- \/ Yoast SEO plugin. -->","yoast_head_json":{"title":"P\u00e9rez Ulloa, autor en \u00d3ptica P\u00e9rez Ulloa","robots":{"index":"index","follow":"follow","max-snippet":"max-snippet:-1","max-image-preview":"max-image-preview:large","max-video-preview":"max-video-preview:-1"},"canonical":"https:\/\/opticaperezulloa.com\/?author=3","og_locale":"es_ES","og_type":"profile","og_title":"P\u00e9rez Ulloa, autor en \u00d3ptica P\u00e9rez Ulloa","og_url":"https:\/\/opticaperezulloa.com\/?author=3","og_site_name":"\u00d3ptica P\u00e9rez Ulloa","og_image":[{"url":"https:\/\/secure.gravatar.com\/avatar\/15af8bdd67203289f5203afc9b74efcb5366ccf890c2fc20f968e364066c60fb?s=500&d=mm&r=g","type":"","width":"","height":""}],"twitter_card":"summary_large_image","schema":{"@context":"https:\/\/schema.org","@graph":[{"@type":"ProfilePage","@id":"https:\/\/opticaperezulloa.com\/?author=3","url":"https:\/\/opticaperezulloa.com\/?author=3","name":"P\u00e9rez Ulloa, autor en \u00d3ptica P\u00e9rez Ulloa","isPartOf":{"@id":"https:\/\/opticaperezulloa.com\/#website"},"breadcrumb":{"@id":"https:\/\/opticaperezulloa.com\/?author=3#breadcrumb"},"inLanguage":"es","potentialAction":[{"@type":"ReadAction","target":["https:\/\/opticaperezulloa.com\/?author=3"]}]},{"@type":"BreadcrumbList","@id":"https:\/\/opticaperezulloa.com\/?author=3#breadcrumb","itemListElement":[{"@type":"ListItem","position":1,"name":"Portada","item":"https:\/\/opticaperezulloa.com\/"},{"@type":"ListItem","position":2,"name":"Archivo de P\u00e9rez Ulloa"}]},{"@type":"WebSite","@id":"https:\/\/opticaperezulloa.com\/#website","url":"https:\/\/opticaperezulloa.com\/","name":"\u00d3ptica P\u00e9rez Ulloa","description":"\u00d3ptica y Aud\u00edfonos en Carabanchel | P\u00e9rez Ulloa | 915 250 060","potentialAction":[{"@type":"SearchAction","target":{"@type":"EntryPoint","urlTemplate":"https:\/\/opticaperezulloa.com\/?s={search_term_string}"},"query-input":{"@type":"PropertyValueSpecification","valueRequired":true,"valueName":"search_term_string"}}],"inLanguage":"es"},{"@type":"Person","@id":"https:\/\/opticaperezulloa.com\/#\/schema\/person\/c52eeed857d525cb7acc5b59446651fb","name":"P\u00e9rez Ulloa","image":{"@type":"ImageObject","inLanguage":"es","@id":"https:\/\/opticaperezulloa.com\/#\/schema\/person\/image\/","url":"https:\/\/secure.gravatar.com\/avatar\/15af8bdd67203289f5203afc9b74efcb5366ccf890c2fc20f968e364066c60fb?s=96&d=mm&r=g","contentUrl":"https:\/\/secure.gravatar.com\/avatar\/15af8bdd67203289f5203afc9b74efcb5366ccf890c2fc20f968e364066c60fb?s=96&d=mm&r=g","caption":"P\u00e9rez Ulloa"},"mainEntityOfPage":{"@id":"https:\/\/opticaperezulloa.com\/?author=3"}}]}},"_links":{"self":[{"href":"https:\/\/opticaperezulloa.com\/index.php?rest_route=\/wp\/v2\/users\/3","targetHints":{"allow":["GET"]}}],"collection":[{"href":"https:\/\/opticaperezulloa.com\/index.php?rest_route=\/wp\/v2\/users"}]}}