{"id":1961,"date":"2020-01-01T00:00:00","date_gmt":"2020-01-01T00:00:00","guid":{"rendered":""},"modified":"2026-08-30T22:01:50","modified_gmt":"2026-08-30T20:01:50","slug":"x-12","status":"publish","type":"post","link":"https:\/\/opticaperezulloa.com\/?p=1961","title":{"rendered":"x"},"content":{"rendered":"<blockquote class=\"wp-embedded-content\" data-secret=\"eCwhgd7KXA\"><p><a href=\"https:\/\/opticaperezulloa.com\/?p=1621\">\u00d3ptica adherida Plan Veo en Carabanchel para gafas graduadas<\/a><\/p><\/blockquote>\n<p><iframe loading=\"lazy\" class=\"wp-embedded-content\" sandbox=\"allow-scripts\" security=\"restricted\" style=\"position: absolute; visibility: hidden;\" title=\"\u00ab\u00d3ptica adherida Plan Veo en Carabanchel para gafas graduadas\u00bb \u2014 \u00d3ptica P\u00e9rez Ulloa\" src=\"https:\/\/opticaperezulloa.com\/?p=1621&#038;embed=true#?secret=jINOPFqixz#?secret=eCwhgd7KXA\" data-secret=\"eCwhgd7KXA\" width=\"500\" height=\"282\" frameborder=\"0\" marginwidth=\"0\" marginheight=\"0\" scrolling=\"no\"><\/iframe><\/p>\n","protected":false},"excerpt":{"rendered":"<p>\u00d3ptica adherida Plan Veo en Carabanchel para gafas graduadas<\/p>\n","protected":false},"author":1,"featured_media":0,"comment_status":"closed","ping_status":"closed","sticky":false,"template":"","format":"standard","meta":{"_et_pb_use_builder":"","_et_pb_old_content":"","_et_gb_content_width":"","footnotes":""},"categories":[1],"tags":[],"class_list":["post-1961","post","type-post","status-publish","format-standard","hentry","category-noticias"],"yoast_head":"<!-- This site is optimized with the Yoast SEO plugin v26.7 - https:\/\/yoast.com\/wordpress\/plugins\/seo\/ -->\n<title>x - \u00d3ptica P\u00e9rez Ulloa<\/title>\n<meta name=\"robots\" content=\"index, follow, max-snippet:-1, max-image-preview:large, max-video-preview:-1\" \/>\n<link rel=\"canonical\" href=\"https:\/\/opticaperezulloa.com\/?p=1961\" \/>\n<meta property=\"og:locale\" content=\"es_ES\" \/>\n<meta property=\"og:type\" content=\"article\" \/>\n<meta property=\"og:title\" content=\"x - \u00d3ptica P\u00e9rez Ulloa\" \/>\n<meta property=\"og:description\" content=\"\u00d3ptica adherida Plan Veo en Carabanchel para gafas graduadas\" \/>\n<meta property=\"og:url\" content=\"https:\/\/opticaperezulloa.com\/?p=1961\" \/>\n<meta property=\"og:site_name\" content=\"\u00d3ptica P\u00e9rez Ulloa\" \/>\n<meta property=\"article:published_time\" content=\"2020-01-01T00:00:00+00:00\" \/>\n<meta property=\"article:modified_time\" content=\"2026-08-30T20:01:50+00:00\" \/>\n<meta name=\"author\" content=\"root_yuc6vj9x\" \/>\n<meta name=\"twitter:card\" content=\"summary_large_image\" \/>\n<meta name=\"twitter:label1\" content=\"Escrito por\" \/>\n\t<meta name=\"twitter:data1\" content=\"root_yuc6vj9x\" \/>\n<script type=\"application\/ld+json\" class=\"yoast-schema-graph\">{\"@context\":\"https:\/\/schema.org\",\"@graph\":[{\"@type\":\"Article\",\"@id\":\"https:\/\/opticaperezulloa.com\/?p=1961#article\",\"isPartOf\":{\"@id\":\"https:\/\/opticaperezulloa.com\/?p=1961\"},\"author\":{\"name\":\"root_yuc6vj9x\",\"@id\":\"https:\/\/opticaperezulloa.com\/#\/schema\/person\/4ccd3cd41a9db9e6d554a9a4cee59258\"},\"headline\":\"x\",\"datePublished\":\"2020-01-01T00:00:00+00:00\",\"dateModified\":\"2026-08-30T20:01:50+00:00\",\"mainEntityOfPage\":{\"@id\":\"https:\/\/opticaperezulloa.com\/?p=1961\"},\"wordCount\":10,\"articleSection\":[\"Noticias\"],\"inLanguage\":\"es\"},{\"@type\":\"WebPage\",\"@id\":\"https:\/\/opticaperezulloa.com\/?p=1961\",\"url\":\"https:\/\/opticaperezulloa.com\/?p=1961\",\"name\":\"x - \u00d3ptica P\u00e9rez Ulloa\",\"isPartOf\":{\"@id\":\"https:\/\/opticaperezulloa.com\/#website\"},\"datePublished\":\"2020-01-01T00:00:00+00:00\",\"dateModified\":\"2026-08-30T20:01:50+00:00\",\"author\":{\"@id\":\"https:\/\/opticaperezulloa.com\/#\/schema\/person\/4ccd3cd41a9db9e6d554a9a4cee59258\"},\"breadcrumb\":{\"@id\":\"https:\/\/opticaperezulloa.com\/?p=1961#breadcrumb\"},\"inLanguage\":\"es\",\"potentialAction\":[{\"@type\":\"ReadAction\",\"target\":[\"https:\/\/opticaperezulloa.com\/?p=1961\"]}]},{\"@type\":\"BreadcrumbList\",\"@id\":\"https:\/\/opticaperezulloa.com\/?p=1961#breadcrumb\",\"itemListElement\":[{\"@type\":\"ListItem\",\"position\":1,\"name\":\"Portada\",\"item\":\"https:\/\/opticaperezulloa.com\/\"},{\"@type\":\"ListItem\",\"position\":2,\"name\":\"x\"}]},{\"@type\":\"WebSite\",\"@id\":\"https:\/\/opticaperezulloa.com\/#website\",\"url\":\"https:\/\/opticaperezulloa.com\/\",\"name\":\"\u00d3ptica P\u00e9rez Ulloa\",\"description\":\"\u00d3ptica y Aud\u00edfonos en Carabanchel | P\u00e9rez Ulloa | 915 250 060\",\"potentialAction\":[{\"@type\":\"SearchAction\",\"target\":{\"@type\":\"EntryPoint\",\"urlTemplate\":\"https:\/\/opticaperezulloa.com\/?s={search_term_string}\"},\"query-input\":{\"@type\":\"PropertyValueSpecification\",\"valueRequired\":true,\"valueName\":\"search_term_string\"}}],\"inLanguage\":\"es\"},{\"@type\":\"Person\",\"@id\":\"https:\/\/opticaperezulloa.com\/#\/schema\/person\/4ccd3cd41a9db9e6d554a9a4cee59258\",\"name\":\"root_yuc6vj9x\",\"image\":{\"@type\":\"ImageObject\",\"inLanguage\":\"es\",\"@id\":\"https:\/\/opticaperezulloa.com\/#\/schema\/person\/image\/\",\"url\":\"https:\/\/secure.gravatar.com\/avatar\/87966ebf0130a0cb7460bc8e4e2436bd11d03baef3ffee6f647697a36fbeafe5?s=96&d=mm&r=g\",\"contentUrl\":\"https:\/\/secure.gravatar.com\/avatar\/87966ebf0130a0cb7460bc8e4e2436bd11d03baef3ffee6f647697a36fbeafe5?s=96&d=mm&r=g\",\"caption\":\"root_yuc6vj9x\"},\"url\":\"https:\/\/opticaperezulloa.com\/?author=1\"}]}<\/script>\n<!-- \/ Yoast SEO plugin. -->","yoast_head_json":{"title":"x - \u00d3ptica P\u00e9rez Ulloa","robots":{"index":"index","follow":"follow","max-snippet":"max-snippet:-1","max-image-preview":"max-image-preview:large","max-video-preview":"max-video-preview:-1"},"canonical":"https:\/\/opticaperezulloa.com\/?p=1961","og_locale":"es_ES","og_type":"article","og_title":"x - \u00d3ptica P\u00e9rez Ulloa","og_description":"\u00d3ptica adherida Plan Veo en Carabanchel para gafas graduadas","og_url":"https:\/\/opticaperezulloa.com\/?p=1961","og_site_name":"\u00d3ptica P\u00e9rez Ulloa","article_published_time":"2020-01-01T00:00:00+00:00","article_modified_time":"2026-08-30T20:01:50+00:00","author":"root_yuc6vj9x","twitter_card":"summary_large_image","twitter_misc":{"Escrito por":"root_yuc6vj9x"},"schema":{"@context":"https:\/\/schema.org","@graph":[{"@type":"Article","@id":"https:\/\/opticaperezulloa.com\/?p=1961#article","isPartOf":{"@id":"https:\/\/opticaperezulloa.com\/?p=1961"},"author":{"name":"root_yuc6vj9x","@id":"https:\/\/opticaperezulloa.com\/#\/schema\/person\/4ccd3cd41a9db9e6d554a9a4cee59258"},"headline":"x","datePublished":"2020-01-01T00:00:00+00:00","dateModified":"2026-08-30T20:01:50+00:00","mainEntityOfPage":{"@id":"https:\/\/opticaperezulloa.com\/?p=1961"},"wordCount":10,"articleSection":["Noticias"],"inLanguage":"es"},{"@type":"WebPage","@id":"https:\/\/opticaperezulloa.com\/?p=1961","url":"https:\/\/opticaperezulloa.com\/?p=1961","name":"x - \u00d3ptica P\u00e9rez Ulloa","isPartOf":{"@id":"https:\/\/opticaperezulloa.com\/#website"},"datePublished":"2020-01-01T00:00:00+00:00","dateModified":"2026-08-30T20:01:50+00:00","author":{"@id":"https:\/\/opticaperezulloa.com\/#\/schema\/person\/4ccd3cd41a9db9e6d554a9a4cee59258"},"breadcrumb":{"@id":"https:\/\/opticaperezulloa.com\/?p=1961#breadcrumb"},"inLanguage":"es","potentialAction":[{"@type":"ReadAction","target":["https:\/\/opticaperezulloa.com\/?p=1961"]}]},{"@type":"BreadcrumbList","@id":"https:\/\/opticaperezulloa.com\/?p=1961#breadcrumb","itemListElement":[{"@type":"ListItem","position":1,"name":"Portada","item":"https:\/\/opticaperezulloa.com\/"},{"@type":"ListItem","position":2,"name":"x"}]},{"@type":"WebSite","@id":"https:\/\/opticaperezulloa.com\/#website","url":"https:\/\/opticaperezulloa.com\/","name":"\u00d3ptica P\u00e9rez Ulloa","description":"\u00d3ptica y Aud\u00edfonos en Carabanchel | P\u00e9rez Ulloa | 915 250 060","potentialAction":[{"@type":"SearchAction","target":{"@type":"EntryPoint","urlTemplate":"https:\/\/opticaperezulloa.com\/?s={search_term_string}"},"query-input":{"@type":"PropertyValueSpecification","valueRequired":true,"valueName":"search_term_string"}}],"inLanguage":"es"},{"@type":"Person","@id":"https:\/\/opticaperezulloa.com\/#\/schema\/person\/4ccd3cd41a9db9e6d554a9a4cee59258","name":"root_yuc6vj9x","image":{"@type":"ImageObject","inLanguage":"es","@id":"https:\/\/opticaperezulloa.com\/#\/schema\/person\/image\/","url":"https:\/\/secure.gravatar.com\/avatar\/87966ebf0130a0cb7460bc8e4e2436bd11d03baef3ffee6f647697a36fbeafe5?s=96&d=mm&r=g","contentUrl":"https:\/\/secure.gravatar.com\/avatar\/87966ebf0130a0cb7460bc8e4e2436bd11d03baef3ffee6f647697a36fbeafe5?s=96&d=mm&r=g","caption":"root_yuc6vj9x"},"url":"https:\/\/opticaperezulloa.com\/?author=1"}]}},"_links":{"self":[{"href":"https:\/\/opticaperezulloa.com\/index.php?rest_route=\/wp\/v2\/posts\/1961","targetHints":{"allow":["GET"]}}],"collection":[{"href":"https:\/\/opticaperezulloa.com\/index.php?rest_route=\/wp\/v2\/posts"}],"about":[{"href":"https:\/\/opticaperezulloa.com\/index.php?rest_route=\/wp\/v2\/types\/post"}],"author":[{"embeddable":true,"href":"https:\/\/opticaperezulloa.com\/index.php?rest_route=\/wp\/v2\/users\/1"}],"replies":[{"embeddable":true,"href":"https:\/\/opticaperezulloa.com\/index.php?rest_route=%2Fwp%2Fv2%2Fcomments&post=1961"}],"version-history":[{"count":1,"href":"https:\/\/opticaperezulloa.com\/index.php?rest_route=\/wp\/v2\/posts\/1961\/revisions"}],"predecessor-version":[{"id":1963,"href":"https:\/\/opticaperezulloa.com\/index.php?rest_route=\/wp\/v2\/posts\/1961\/revisions\/1963"}],"wp:attachment":[{"href":"https:\/\/opticaperezulloa.com\/index.php?rest_route=%2Fwp%2Fv2%2Fmedia&parent=1961"}],"wp:term":[{"taxonomy":"category","embeddable":true,"href":"https:\/\/opticaperezulloa.com\/index.php?rest_route=%2Fwp%2Fv2%2Fcategories&post=1961"},{"taxonomy":"post_tag","embeddable":true,"href":"https:\/\/opticaperezulloa.com\/index.php?rest_route=%2Fwp%2Fv2%2Ftags&post=1961"}],"curies":[{"name":"wp","href":"https:\/\/api.w.org\/{rel}","templated":true}]}}